{"id":1100,"date":"2023-11-28T09:59:56","date_gmt":"2023-11-28T06:59:56","guid":{"rendered":"https:\/\/www.akrep.com\/blog\/?p=1100"},"modified":"2023-11-28T09:59:56","modified_gmt":"2023-11-28T06:59:56","slug":"protez-dis-temizligi-nasil-yapilir","status":"publish","type":"post","link":"https:\/\/www.akrep.com\/blog\/saglik-guzellik\/protez-dis-temizligi-nasil-yapilir","title":{"rendered":"Protez Di\u015f Temizli\u011fi Nas\u0131l Yap\u0131l\u0131r?"},"content":{"rendered":"<p><strong>Protez di\u015f <\/strong>do\u011fal di\u015flerini kaybetmi\u015f ki\u015filere uygulanan yapay di\u015flerdir. Protez di\u015f halk aras\u0131nda takma di\u015f olarak da bilinir. Di\u015fler yemek yeme, konu\u015fma ve genel a\u011f\u0131z sa\u011fl\u0131\u011f\u0131n\u0131 koruma a\u00e7\u0131s\u0131ndan \u00e7ok \u00f6nemli. Yiyecekleri \u00f6\u011f\u00fctme ve par\u00e7alama i\u015flevini yerine getiren di\u015fler, yiyeceklerin sindirim s\u00fcrecine daha kolay dahil olmas\u0131n\u0131 sa\u011flar. Ayn\u0131 zamanda do\u011fru seslerin \u00fcretilmesi i\u00e7in dudaklar, dil ve damakla birlikte \u00e7al\u0131\u015farak konu\u015fmay\u0131 m\u00fcmk\u00fcn k\u0131lar. Estetik olarak da olduk\u00e7a \u00f6nem ta\u015f\u0131yan di\u015fler, g\u00fcl\u00fcmseme ve y\u00fcz ifadesinin bir par\u00e7as\u0131 olarak genel g\u00f6r\u00fcn\u00fcm\u00fc etkiler. Di\u015fler, a\u011f\u0131z sa\u011fl\u0131\u011f\u0131n\u0131 ve genel sa\u011fl\u0131\u011f\u0131 da destekler. Bu nedenle onlar\u0131 korumak i\u00e7in d\u00fczenli bak\u0131m gerekir. Do\u011fal di\u015flerin kaybedilmesi durumunda ise eksik di\u015fleri yerine koymak amac\u0131yla protez di\u015f kullan\u0131l\u0131r. <strong>Protez di\u015f temizli\u011fi <\/strong>ise uzun s\u00fcreli kullan\u0131m i\u00e7in olduk\u00e7a \u00f6nemli. <strong>Protez di\u015f bak\u0131m\u0131<\/strong> nas\u0131l yap\u0131l\u0131r merak ediyorsan\u0131z yaz\u0131m\u0131z\u0131 okumaya devam edin!<\/p>\n<h2><strong>Protez Di\u015f Temizli\u011finin \u00d6nemi<\/strong><\/h2>\n<p><img loading=\"lazy\" decoding=\"async\" class=\"size-large wp-image-1102 aligncenter\" src=\"https:\/\/www.akrep.com\/blog\/icerik\/uploads\/2023\/10\/wepik-export-20231026110420aVvu-1024x683.jpeg\" alt=\"\" width=\"800\" height=\"534\" srcset=\"https:\/\/www.akrep.com\/blog\/icerik\/uploads\/2023\/10\/wepik-export-20231026110420aVvu-1024x683.jpeg 1024w, https:\/\/www.akrep.com\/blog\/icerik\/uploads\/2023\/10\/wepik-export-20231026110420aVvu-300x200.jpeg 300w, https:\/\/www.akrep.com\/blog\/icerik\/uploads\/2023\/10\/wepik-export-20231026110420aVvu-768x512.jpeg 768w, https:\/\/www.akrep.com\/blog\/icerik\/uploads\/2023\/10\/wepik-export-20231026110420aVvu.jpeg 1200w\" sizes=\"auto, (max-width: 800px) 100vw, 800px\" \/><\/p>\n<p>Eksik di\u015flerin fonksiyonel ve estetik a\u00e7\u0131dan doldurulmas\u0131na yard\u0131mc\u0131 olan protez di\u015fler, ki\u015filerin g\u00fcl\u00fcmseme ve konu\u015fma kolayl\u0131\u011f\u0131 kazanmas\u0131na yard\u0131mc\u0131 olabilir. Genellikle akrilik re\u00e7ine veya porselenden yap\u0131lan takma di\u015fler, hastan\u0131n a\u011f\u0131z yap\u0131s\u0131na uygun olarak tasarlan\u0131r. Protez di\u015flerin yap\u0131m\u0131 maliyetli oldu\u011fundan yapt\u0131ran ki\u015filer uzun s\u00fcreli kullan\u0131m\u0131 hedefler. \u0130\u015fte <strong>takma di\u015f temizli\u011fi <\/strong>burada \u00f6nem kazan\u0131yor. Takma di\u015flerin kullan\u0131m s\u00fcresi en az 5 y\u0131ld\u0131r fakat a\u011f\u0131z ve di\u015f bak\u0131m\u0131na \u00f6zen g\u00f6sterildi\u011finde bu s\u00fcre 10-15 y\u0131la kadar uzar. Tabi burada uygulanan di\u015fin kalitesi de \u00f6nemli rol oynar.<\/p>\n<p>Do\u011fru temizlik al\u0131\u015fkanl\u0131klar\u0131yla protez di\u015flerinizi d\u00fczenli olarak temizlemek, bir\u00e7ok sa\u011fl\u0131k sorununun da \u00f6n\u00fcne ge\u00e7ebilir ve genel a\u011f\u0131z sa\u011fl\u0131\u011f\u0131n\u0131z\u0131 korur. Protez di\u015fler, do\u011fal di\u015fler gibi plak ve bakteri birikimine e\u011filimli olur. E\u011fer d\u00fczenli temizlik yap\u0131lmazsa bakteri pla\u011f\u0131 olu\u015fur. Bu nedenle ki\u015filer a\u011f\u0131z kokusu, di\u015f eti iltihaplanmas\u0131ndan ve di\u011fer a\u011f\u0131z hastal\u0131klar\u0131ndan \u015fikayet\u00e7i olabilir. Ayn\u0131 zamanda <strong>protez di\u015flerin temizlenmesi<\/strong>, \u00e7evresindeki do\u011fal di\u015flerin sa\u011fl\u0131\u011f\u0131n\u0131 koruma a\u00e7\u0131s\u0131ndan \u00f6nemli. \u00c7\u00fcnk\u00fc yiyecek art\u0131klar\u0131 ve bakterilerin birikimi, \u00e7\u00fcr\u00fcklerin olu\u015fma riskini art\u0131r\u0131r.<\/p>\n<p>Temiz protez di\u015fler sadece a\u011f\u0131z hijyenini korumakla kalmaz. Ayn\u0131 zamanda a\u011f\u0131z i\u00e7inde daha rahat bir hissiyat sa\u011flar. Plak ve bakteri birikiminin engellenmesi, protez di\u015flerin alt\u0131nda olu\u015fabilecek tahri\u015fleri ve rahats\u0131zl\u0131klar\u0131 \u00f6nler. B\u00f6ylece ki\u015fi yemek yerken, konu\u015furken veya g\u00fcl\u00fcmserken rahat hisseder. Ayr\u0131ca d\u00fczenli temizlik protez di\u015flerin do\u011fal g\u00f6r\u00fcn\u00fcm\u00fcn\u00fc korur. Leke ve plak birikimi, protez di\u015flerin estetik g\u00f6r\u00fcn\u00fcm\u00fcn\u00fc bozar. Temiz ve parlak protez di\u015fler, ki\u015finin daha do\u011fal bir g\u00fcl\u00fcmsemeyle kendine olan g\u00fcvenini art\u0131r\u0131r. K\u0131sacas\u0131 protez di\u015flerin uzun \u00f6m\u00fcrl\u00fc olabilmesi i\u00e7in d\u00fczenli bir \u015fekilde temizlik ve bak\u0131m yap\u0131lmas\u0131 gerekir.<\/p>\n<h2><strong>Protez Di\u015f Temizli\u011fi ve Kullan\u0131m\u0131 i\u00e7in \u00d6neriler<\/strong><\/h2>\n<p><img loading=\"lazy\" decoding=\"async\" class=\"size-large wp-image-1101 aligncenter\" src=\"https:\/\/www.akrep.com\/blog\/icerik\/uploads\/2023\/10\/wepik-export-20231026110209JGCi-1024x683.jpeg\" alt=\"\" width=\"800\" height=\"534\" srcset=\"https:\/\/www.akrep.com\/blog\/icerik\/uploads\/2023\/10\/wepik-export-20231026110209JGCi-1024x683.jpeg 1024w, https:\/\/www.akrep.com\/blog\/icerik\/uploads\/2023\/10\/wepik-export-20231026110209JGCi-300x200.jpeg 300w, https:\/\/www.akrep.com\/blog\/icerik\/uploads\/2023\/10\/wepik-export-20231026110209JGCi-768x512.jpeg 768w, https:\/\/www.akrep.com\/blog\/icerik\/uploads\/2023\/10\/wepik-export-20231026110209JGCi.jpeg 1200w\" sizes=\"auto, (max-width: 800px) 100vw, 800px\" \/><\/p>\n<p>Protez di\u015f temizli\u011fi i\u00e7in d\u00fczenli ve do\u011fru bir bak\u0131m rutini olu\u015fturmak hem a\u011f\u0131z sa\u011fl\u0131\u011f\u0131n\u0131 korumak hem de protez di\u015flerin dayan\u0131kl\u0131l\u0131\u011f\u0131n\u0131 art\u0131rmak a\u00e7\u0131s\u0131ndan \u00f6nemli oldu\u011fundan bahsettik. Peki <strong>protez di\u015f nas\u0131l temizlenir<\/strong> ona bakal\u0131m.<\/p>\n<p>\u00d6ncelikle protez di\u015flerinizi her \u00f6\u011f\u00fcnden sonra ve uyumadan \u00f6nce temizlemeniz gerekir. <strong><a href=\"https:\/\/www.akrep.com\/saglik-bakim-kozmetik\/dis-fircasi-agiz-bakim-cihazlari\" target=\"_blank\" rel=\"noopener\">Di\u015f f\u0131r\u00e7as\u0131<\/a><\/strong> ve di\u015f macunu kullanarak protez di\u015flerinizi ve di\u015f etlerinizi nazik\u00e7e f\u0131r\u00e7alay\u0131n. <strong>\u201c<a href=\"https:\/\/www.akrep.com\/blog\/saglik-guzellik\/elektrikli-dis-fircasi-kullanimi-ve-tavsiyeleri\" target=\"_blank\" rel=\"noopener\">Elektrikli Di\u015f F\u0131r\u00e7as\u0131 Kullan\u0131m\u0131 ve Tavsiyeleri<\/a>\u201d<\/strong> isimli yaz\u0131m\u0131zda ilginizi \u00e7ekebilir. Ayr\u0131ca takma di\u015f temizli\u011fi i\u00e7in \u00f6zel olarak tasarlanm\u0131\u015f <strong>protez di\u015f f\u0131r\u00e7alar\u0131<\/strong> da bulunur. Bu f\u0131r\u00e7alar, protez di\u015flerin \u015fekline uygun olarak tasarlan\u0131r ve daha etkili bir temizlik sa\u011flar. Di\u015f f\u0131r\u00e7alama i\u015fleminden sonra, protez di\u015f temizli\u011fi i\u00e7in \u00f6zel olarak \u00fcretilmi\u015f temizleme tabletlerini kullanabilirsiniz. Protez di\u015f temizleme tabletlerini kullanarak protez di\u015flerinizi derinlemesine temizleyebilirsiniz. Bu tabletleri d\u00fczenli aral\u0131klarla kullanarak bakteri olu\u015fumunu engelleyebilir ve protez di\u015flerinizin daha uzun s\u00fcre dayanmas\u0131n\u0131 sa\u011flayabilirsiniz. B\u00f6ylece protez di\u015fleriniz derinlemesine temizlenir ve size taze bir nefes sa\u011flar. E\u011fer bu bak\u0131mlar yap\u0131lmazsa protez di\u015fler sararabilir. <strong>Sararan protez di\u015fler nas\u0131l beyazlat\u0131l\u0131r<\/strong> diye bakt\u0131\u011f\u0131m\u0131zda ise protez di\u015fler i\u00e7in \u00fcretilmi\u015f <strong><a href=\"https:\/\/www.akrep.com\/saglik-bakim-kozmetik\/dis-beyazlatici\" target=\"_blank\" rel=\"noopener\">beyazlat\u0131c\u0131lar<\/a><\/strong>\u00a0i\u015fe yarayabilir. Ama yine de temizlik aksat\u0131lmamal\u0131.<\/p>\n<p>E\u011fer m\u00fcmk\u00fcnse, geceleri protez di\u015flerinizi \u00e7\u0131kararak hem protez di\u015fleri hem de di\u015f etlerinizi dinlendirin. Bu, protez di\u015flerinizin uzun \u00f6m\u00fcrl\u00fc olmas\u0131n\u0131 sa\u011flar ve a\u011f\u0131z sa\u011fl\u0131\u011f\u0131n\u0131z\u0131 destekler. Protez di\u015flerinizin sa\u011fl\u0131\u011f\u0131n\u0131 korumak i\u00e7in d\u00fczenli olarak di\u015f hekiminize gitmeniz de \u00f6nemli. Di\u015f hekimi, protez di\u015flerinizi kontrol ederek a\u015f\u0131nma, \u00e7atlama veya uyumsuzluk durumunu de\u011ferlendirir. Ayr\u0131ca profesyonel bir di\u015f temizli\u011fi ile protez di\u015flerinizde biriken tartarlar\u0131 ve lekeleri de temizler. Sonu\u00e7 olarak protez di\u015flerinizi do\u011fru bir \u015fekilde temizlemek ve bak\u0131m\u0131n\u0131 yapmak hem a\u011f\u0131z sa\u011fl\u0131\u011f\u0131n\u0131z\u0131 koruman\u0131za hem de protez di\u015flerinizin \u00f6mr\u00fcn\u00fc uzatman\u0131za yard\u0131mc\u0131 olur. \u00d6nerilerimizi uygulayarak sa\u011fl\u0131kl\u0131 bir g\u00fcl\u00fcmseme ve do\u011fal g\u00f6r\u00fcn\u00fcml\u00fc protez di\u015flere sahip olabilirsiniz.<\/p>\n","protected":false},"excerpt":{"rendered":"<p>Protez di\u015f do\u011fal di\u015flerini kaybetmi\u015f ki\u015filere uygulanan yapay di\u015flerdir. Protez di\u015f halk aras\u0131nda takma di\u015f olarak da bilinir. Di\u015fler yemek yeme, konu\u015fma ve genel a\u011f\u0131z sa\u011fl\u0131\u011f\u0131n\u0131 koruma a\u00e7\u0131s\u0131ndan \u00e7ok \u00f6nemli. Yiyecekleri \u00f6\u011f\u00fctme ve par\u00e7alama i\u015flevini yerine getiren di\u015fler, yiyeceklerin sindirim s\u00fcrecine daha kolay dahil olmas\u0131n\u0131 sa\u011flar. Ayn\u0131 zamanda do\u011fru seslerin \u00fcretilmesi i\u00e7in dudaklar, dil ve [&hellip;]<\/p>\n","protected":false},"author":1,"featured_media":1101,"comment_status":"open","ping_status":"open","sticky":false,"template":"","format":"standard","meta":{"inline_featured_image":false,"footnotes":""},"categories":[4],"tags":[],"class_list":["post-1100","post","type-post","status-publish","format-standard","has-post-thumbnail","hentry","category-saglik-guzellik"],"yoast_head":"<!-- This site is optimized with the Yoast SEO plugin v27.5 - https:\/\/yoast.com\/product\/yoast-seo-wordpress\/ -->\n<title>Protez Di\u015f Temizli\u011fi Nas\u0131l Yap\u0131l\u0131r? - Akrep Blog<\/title>\n<meta name=\"description\" content=\"Protez di\u015f temizli\u011fi ve bak\u0131m\u0131 uzun s\u00fcreli kullan\u0131m ve a\u011f\u0131z sa\u011fl\u0131\u011f\u0131 i\u00e7in olduk\u00e7a \u00f6nemli. Nas\u0131l yap\u0131laca\u011f\u0131 hakk\u0131nda \u00f6neriler Akrep Blog&#039;da!\" \/>\n<meta name=\"robots\" content=\"index, follow, max-snippet:-1, max-image-preview:large, max-video-preview:-1\" \/>\n<link rel=\"canonical\" href=\"https:\/\/www.akrep.com\/blog\/saglik-guzellik\/protez-dis-temizligi-nasil-yapilir\" \/>\n<meta property=\"og:locale\" content=\"tr_TR\" \/>\n<meta property=\"og:type\" content=\"article\" \/>\n<meta property=\"og:title\" content=\"Protez Di\u015f Temizli\u011fi Nas\u0131l Yap\u0131l\u0131r? - Akrep Blog\" \/>\n<meta property=\"og:description\" content=\"Protez di\u015f temizli\u011fi ve bak\u0131m\u0131 uzun s\u00fcreli kullan\u0131m ve a\u011f\u0131z sa\u011fl\u0131\u011f\u0131 i\u00e7in olduk\u00e7a \u00f6nemli. Nas\u0131l yap\u0131laca\u011f\u0131 hakk\u0131nda \u00f6neriler Akrep Blog&#039;da!\" \/>\n<meta property=\"og:url\" content=\"https:\/\/www.akrep.com\/blog\/saglik-guzellik\/protez-dis-temizligi-nasil-yapilir\" \/>\n<meta property=\"og:site_name\" content=\"Akrep Blog\" \/>\n<meta property=\"article:published_time\" content=\"2023-11-28T06:59:56+00:00\" \/>\n<meta property=\"og:image\" content=\"https:\/\/www.akrep.com\/blog\/icerik\/uploads\/2023\/10\/wepik-export-20231026110209JGCi.jpeg\" \/>\n\t<meta property=\"og:image:width\" content=\"1200\" \/>\n\t<meta property=\"og:image:height\" content=\"800\" \/>\n\t<meta property=\"og:image:type\" content=\"image\/jpeg\" \/>\n<meta name=\"author\" content=\"ugur.eskici\" \/>\n<meta name=\"twitter:card\" content=\"summary_large_image\" \/>\n<script type=\"application\/ld+json\" class=\"yoast-schema-graph\">{\"@context\":\"https:\\\/\\\/schema.org\",\"@graph\":[{\"@type\":\"Article\",\"@id\":\"https:\\\/\\\/www.akrep.com\\\/blog\\\/saglik-guzellik\\\/protez-dis-temizligi-nasil-yapilir#article\",\"isPartOf\":{\"@id\":\"https:\\\/\\\/www.akrep.com\\\/blog\\\/saglik-guzellik\\\/protez-dis-temizligi-nasil-yapilir\"},\"author\":{\"name\":\"ugur.eskici\",\"@id\":\"https:\\\/\\\/www.akrep.com\\\/blog\\\/#\\\/schema\\\/person\\\/2c64cee8b087c914bdb159dabfde1215\"},\"headline\":\"Protez Di\u015f Temizli\u011fi Nas\u0131l Yap\u0131l\u0131r?\",\"datePublished\":\"2023-11-28T06:59:56+00:00\",\"mainEntityOfPage\":{\"@id\":\"https:\\\/\\\/www.akrep.com\\\/blog\\\/saglik-guzellik\\\/protez-dis-temizligi-nasil-yapilir\"},\"wordCount\":967,\"commentCount\":0,\"publisher\":{\"@id\":\"https:\\\/\\\/www.akrep.com\\\/blog\\\/#organization\"},\"image\":{\"@id\":\"https:\\\/\\\/www.akrep.com\\\/blog\\\/saglik-guzellik\\\/protez-dis-temizligi-nasil-yapilir#primaryimage\"},\"thumbnailUrl\":\"https:\\\/\\\/www.akrep.com\\\/blog\\\/icerik\\\/uploads\\\/2023\\\/10\\\/wepik-export-20231026110209JGCi.jpeg\",\"articleSection\":[\"Sa\u011fl\u0131k &amp; G\u00fczellik\"],\"inLanguage\":\"tr\",\"potentialAction\":[{\"@type\":\"CommentAction\",\"name\":\"Comment\",\"target\":[\"https:\\\/\\\/www.akrep.com\\\/blog\\\/saglik-guzellik\\\/protez-dis-temizligi-nasil-yapilir#respond\"]}]},{\"@type\":\"WebPage\",\"@id\":\"https:\\\/\\\/www.akrep.com\\\/blog\\\/saglik-guzellik\\\/protez-dis-temizligi-nasil-yapilir\",\"url\":\"https:\\\/\\\/www.akrep.com\\\/blog\\\/saglik-guzellik\\\/protez-dis-temizligi-nasil-yapilir\",\"name\":\"Protez Di\u015f Temizli\u011fi Nas\u0131l Yap\u0131l\u0131r? - Akrep Blog\",\"isPartOf\":{\"@id\":\"https:\\\/\\\/www.akrep.com\\\/blog\\\/#website\"},\"primaryImageOfPage\":{\"@id\":\"https:\\\/\\\/www.akrep.com\\\/blog\\\/saglik-guzellik\\\/protez-dis-temizligi-nasil-yapilir#primaryimage\"},\"image\":{\"@id\":\"https:\\\/\\\/www.akrep.com\\\/blog\\\/saglik-guzellik\\\/protez-dis-temizligi-nasil-yapilir#primaryimage\"},\"thumbnailUrl\":\"https:\\\/\\\/www.akrep.com\\\/blog\\\/icerik\\\/uploads\\\/2023\\\/10\\\/wepik-export-20231026110209JGCi.jpeg\",\"datePublished\":\"2023-11-28T06:59:56+00:00\",\"description\":\"Protez di\u015f temizli\u011fi ve bak\u0131m\u0131 uzun s\u00fcreli kullan\u0131m ve a\u011f\u0131z sa\u011fl\u0131\u011f\u0131 i\u00e7in olduk\u00e7a \u00f6nemli. Nas\u0131l yap\u0131laca\u011f\u0131 hakk\u0131nda \u00f6neriler Akrep Blog'da!\",\"breadcrumb\":{\"@id\":\"https:\\\/\\\/www.akrep.com\\\/blog\\\/saglik-guzellik\\\/protez-dis-temizligi-nasil-yapilir#breadcrumb\"},\"inLanguage\":\"tr\",\"potentialAction\":[{\"@type\":\"ReadAction\",\"target\":[\"https:\\\/\\\/www.akrep.com\\\/blog\\\/saglik-guzellik\\\/protez-dis-temizligi-nasil-yapilir\"]}]},{\"@type\":\"ImageObject\",\"inLanguage\":\"tr\",\"@id\":\"https:\\\/\\\/www.akrep.com\\\/blog\\\/saglik-guzellik\\\/protez-dis-temizligi-nasil-yapilir#primaryimage\",\"url\":\"https:\\\/\\\/www.akrep.com\\\/blog\\\/icerik\\\/uploads\\\/2023\\\/10\\\/wepik-export-20231026110209JGCi.jpeg\",\"contentUrl\":\"https:\\\/\\\/www.akrep.com\\\/blog\\\/icerik\\\/uploads\\\/2023\\\/10\\\/wepik-export-20231026110209JGCi.jpeg\",\"width\":1200,\"height\":800,\"caption\":\"Protez Di\u015f Temizli\u011fi Nas\u0131l Yap\u0131l\u0131r?\"},{\"@type\":\"BreadcrumbList\",\"@id\":\"https:\\\/\\\/www.akrep.com\\\/blog\\\/saglik-guzellik\\\/protez-dis-temizligi-nasil-yapilir#breadcrumb\",\"itemListElement\":[{\"@type\":\"ListItem\",\"position\":1,\"name\":\"Blog\",\"item\":\"https:\\\/\\\/www.akrep.com\\\/blog\"},{\"@type\":\"ListItem\",\"position\":2,\"name\":\"Protez Di\u015f Temizli\u011fi Nas\u0131l Yap\u0131l\u0131r?\"}]},{\"@type\":\"WebSite\",\"@id\":\"https:\\\/\\\/www.akrep.com\\\/blog\\\/#website\",\"url\":\"https:\\\/\\\/www.akrep.com\\\/blog\\\/\",\"name\":\"Akrep Blog\",\"description\":\"\",\"publisher\":{\"@id\":\"https:\\\/\\\/www.akrep.com\\\/blog\\\/#organization\"},\"potentialAction\":[{\"@type\":\"SearchAction\",\"target\":{\"@type\":\"EntryPoint\",\"urlTemplate\":\"https:\\\/\\\/www.akrep.com\\\/blog\\\/?s={search_term_string}\"},\"query-input\":{\"@type\":\"PropertyValueSpecification\",\"valueRequired\":true,\"valueName\":\"search_term_string\"}}],\"inLanguage\":\"tr\"},{\"@type\":\"Organization\",\"@id\":\"https:\\\/\\\/www.akrep.com\\\/blog\\\/#organization\",\"name\":\"Akrep\",\"url\":\"https:\\\/\\\/www.akrep.com\\\/blog\\\/\",\"logo\":{\"@type\":\"ImageObject\",\"inLanguage\":\"tr\",\"@id\":\"https:\\\/\\\/www.akrep.com\\\/blog\\\/#\\\/schema\\\/logo\\\/image\\\/\",\"url\":\"https:\\\/\\\/www.akrep.com\\\/blog\\\/icerik\\\/uploads\\\/2021\\\/01\\\/512x512.png\",\"contentUrl\":\"https:\\\/\\\/www.akrep.com\\\/blog\\\/icerik\\\/uploads\\\/2021\\\/01\\\/512x512.png\",\"width\":513,\"height\":513,\"caption\":\"Akrep\"},\"image\":{\"@id\":\"https:\\\/\\\/www.akrep.com\\\/blog\\\/#\\\/schema\\\/logo\\\/image\\\/\"}},{\"@type\":\"Person\",\"@id\":\"https:\\\/\\\/www.akrep.com\\\/blog\\\/#\\\/schema\\\/person\\\/2c64cee8b087c914bdb159dabfde1215\",\"name\":\"ugur.eskici\",\"image\":{\"@type\":\"ImageObject\",\"inLanguage\":\"tr\",\"@id\":\"https:\\\/\\\/secure.gravatar.com\\\/avatar\\\/988d362ab358878895d0e1e3fc98232e675be58bee84276e12e86a4f18a89e3d?s=96&d=mm&r=g\",\"url\":\"https:\\\/\\\/secure.gravatar.com\\\/avatar\\\/988d362ab358878895d0e1e3fc98232e675be58bee84276e12e86a4f18a89e3d?s=96&d=mm&r=g\",\"contentUrl\":\"https:\\\/\\\/secure.gravatar.com\\\/avatar\\\/988d362ab358878895d0e1e3fc98232e675be58bee84276e12e86a4f18a89e3d?s=96&d=mm&r=g\",\"caption\":\"ugur.eskici\"},\"sameAs\":[\"https:\\\/\\\/www.akrep.com\\\/blog\"]}]}<\/script>\n<!-- \/ Yoast SEO plugin. -->","yoast_head_json":{"title":"Protez Di\u015f Temizli\u011fi Nas\u0131l Yap\u0131l\u0131r? - Akrep Blog","description":"Protez di\u015f temizli\u011fi ve bak\u0131m\u0131 uzun s\u00fcreli kullan\u0131m ve a\u011f\u0131z sa\u011fl\u0131\u011f\u0131 i\u00e7in olduk\u00e7a \u00f6nemli. Nas\u0131l yap\u0131laca\u011f\u0131 hakk\u0131nda \u00f6neriler Akrep Blog'da!","robots":{"index":"index","follow":"follow","max-snippet":"max-snippet:-1","max-image-preview":"max-image-preview:large","max-video-preview":"max-video-preview:-1"},"canonical":"https:\/\/www.akrep.com\/blog\/saglik-guzellik\/protez-dis-temizligi-nasil-yapilir","og_locale":"tr_TR","og_type":"article","og_title":"Protez Di\u015f Temizli\u011fi Nas\u0131l Yap\u0131l\u0131r? - Akrep Blog","og_description":"Protez di\u015f temizli\u011fi ve bak\u0131m\u0131 uzun s\u00fcreli kullan\u0131m ve a\u011f\u0131z sa\u011fl\u0131\u011f\u0131 i\u00e7in olduk\u00e7a \u00f6nemli. Nas\u0131l yap\u0131laca\u011f\u0131 hakk\u0131nda \u00f6neriler Akrep Blog'da!","og_url":"https:\/\/www.akrep.com\/blog\/saglik-guzellik\/protez-dis-temizligi-nasil-yapilir","og_site_name":"Akrep Blog","article_published_time":"2023-11-28T06:59:56+00:00","og_image":[{"width":1200,"height":800,"url":"https:\/\/www.akrep.com\/blog\/icerik\/uploads\/2023\/10\/wepik-export-20231026110209JGCi.jpeg","type":"image\/jpeg"}],"author":"ugur.eskici","twitter_card":"summary_large_image","schema":{"@context":"https:\/\/schema.org","@graph":[{"@type":"Article","@id":"https:\/\/www.akrep.com\/blog\/saglik-guzellik\/protez-dis-temizligi-nasil-yapilir#article","isPartOf":{"@id":"https:\/\/www.akrep.com\/blog\/saglik-guzellik\/protez-dis-temizligi-nasil-yapilir"},"author":{"name":"ugur.eskici","@id":"https:\/\/www.akrep.com\/blog\/#\/schema\/person\/2c64cee8b087c914bdb159dabfde1215"},"headline":"Protez Di\u015f Temizli\u011fi Nas\u0131l Yap\u0131l\u0131r?","datePublished":"2023-11-28T06:59:56+00:00","mainEntityOfPage":{"@id":"https:\/\/www.akrep.com\/blog\/saglik-guzellik\/protez-dis-temizligi-nasil-yapilir"},"wordCount":967,"commentCount":0,"publisher":{"@id":"https:\/\/www.akrep.com\/blog\/#organization"},"image":{"@id":"https:\/\/www.akrep.com\/blog\/saglik-guzellik\/protez-dis-temizligi-nasil-yapilir#primaryimage"},"thumbnailUrl":"https:\/\/www.akrep.com\/blog\/icerik\/uploads\/2023\/10\/wepik-export-20231026110209JGCi.jpeg","articleSection":["Sa\u011fl\u0131k &amp; G\u00fczellik"],"inLanguage":"tr","potentialAction":[{"@type":"CommentAction","name":"Comment","target":["https:\/\/www.akrep.com\/blog\/saglik-guzellik\/protez-dis-temizligi-nasil-yapilir#respond"]}]},{"@type":"WebPage","@id":"https:\/\/www.akrep.com\/blog\/saglik-guzellik\/protez-dis-temizligi-nasil-yapilir","url":"https:\/\/www.akrep.com\/blog\/saglik-guzellik\/protez-dis-temizligi-nasil-yapilir","name":"Protez Di\u015f Temizli\u011fi Nas\u0131l Yap\u0131l\u0131r? - Akrep Blog","isPartOf":{"@id":"https:\/\/www.akrep.com\/blog\/#website"},"primaryImageOfPage":{"@id":"https:\/\/www.akrep.com\/blog\/saglik-guzellik\/protez-dis-temizligi-nasil-yapilir#primaryimage"},"image":{"@id":"https:\/\/www.akrep.com\/blog\/saglik-guzellik\/protez-dis-temizligi-nasil-yapilir#primaryimage"},"thumbnailUrl":"https:\/\/www.akrep.com\/blog\/icerik\/uploads\/2023\/10\/wepik-export-20231026110209JGCi.jpeg","datePublished":"2023-11-28T06:59:56+00:00","description":"Protez di\u015f temizli\u011fi ve bak\u0131m\u0131 uzun s\u00fcreli kullan\u0131m ve a\u011f\u0131z sa\u011fl\u0131\u011f\u0131 i\u00e7in olduk\u00e7a \u00f6nemli. Nas\u0131l yap\u0131laca\u011f\u0131 hakk\u0131nda \u00f6neriler Akrep Blog'da!","breadcrumb":{"@id":"https:\/\/www.akrep.com\/blog\/saglik-guzellik\/protez-dis-temizligi-nasil-yapilir#breadcrumb"},"inLanguage":"tr","potentialAction":[{"@type":"ReadAction","target":["https:\/\/www.akrep.com\/blog\/saglik-guzellik\/protez-dis-temizligi-nasil-yapilir"]}]},{"@type":"ImageObject","inLanguage":"tr","@id":"https:\/\/www.akrep.com\/blog\/saglik-guzellik\/protez-dis-temizligi-nasil-yapilir#primaryimage","url":"https:\/\/www.akrep.com\/blog\/icerik\/uploads\/2023\/10\/wepik-export-20231026110209JGCi.jpeg","contentUrl":"https:\/\/www.akrep.com\/blog\/icerik\/uploads\/2023\/10\/wepik-export-20231026110209JGCi.jpeg","width":1200,"height":800,"caption":"Protez Di\u015f Temizli\u011fi Nas\u0131l Yap\u0131l\u0131r?"},{"@type":"BreadcrumbList","@id":"https:\/\/www.akrep.com\/blog\/saglik-guzellik\/protez-dis-temizligi-nasil-yapilir#breadcrumb","itemListElement":[{"@type":"ListItem","position":1,"name":"Blog","item":"https:\/\/www.akrep.com\/blog"},{"@type":"ListItem","position":2,"name":"Protez Di\u015f Temizli\u011fi Nas\u0131l Yap\u0131l\u0131r?"}]},{"@type":"WebSite","@id":"https:\/\/www.akrep.com\/blog\/#website","url":"https:\/\/www.akrep.com\/blog\/","name":"Akrep Blog","description":"","publisher":{"@id":"https:\/\/www.akrep.com\/blog\/#organization"},"potentialAction":[{"@type":"SearchAction","target":{"@type":"EntryPoint","urlTemplate":"https:\/\/www.akrep.com\/blog\/?s={search_term_string}"},"query-input":{"@type":"PropertyValueSpecification","valueRequired":true,"valueName":"search_term_string"}}],"inLanguage":"tr"},{"@type":"Organization","@id":"https:\/\/www.akrep.com\/blog\/#organization","name":"Akrep","url":"https:\/\/www.akrep.com\/blog\/","logo":{"@type":"ImageObject","inLanguage":"tr","@id":"https:\/\/www.akrep.com\/blog\/#\/schema\/logo\/image\/","url":"https:\/\/www.akrep.com\/blog\/icerik\/uploads\/2021\/01\/512x512.png","contentUrl":"https:\/\/www.akrep.com\/blog\/icerik\/uploads\/2021\/01\/512x512.png","width":513,"height":513,"caption":"Akrep"},"image":{"@id":"https:\/\/www.akrep.com\/blog\/#\/schema\/logo\/image\/"}},{"@type":"Person","@id":"https:\/\/www.akrep.com\/blog\/#\/schema\/person\/2c64cee8b087c914bdb159dabfde1215","name":"ugur.eskici","image":{"@type":"ImageObject","inLanguage":"tr","@id":"https:\/\/secure.gravatar.com\/avatar\/988d362ab358878895d0e1e3fc98232e675be58bee84276e12e86a4f18a89e3d?s=96&d=mm&r=g","url":"https:\/\/secure.gravatar.com\/avatar\/988d362ab358878895d0e1e3fc98232e675be58bee84276e12e86a4f18a89e3d?s=96&d=mm&r=g","contentUrl":"https:\/\/secure.gravatar.com\/avatar\/988d362ab358878895d0e1e3fc98232e675be58bee84276e12e86a4f18a89e3d?s=96&d=mm&r=g","caption":"ugur.eskici"},"sameAs":["https:\/\/www.akrep.com\/blog"]}]}},"_links":{"self":[{"href":"https:\/\/www.akrep.com\/blog\/wp-json\/wp\/v2\/posts\/1100","targetHints":{"allow":["GET"]}}],"collection":[{"href":"https:\/\/www.akrep.com\/blog\/wp-json\/wp\/v2\/posts"}],"about":[{"href":"https:\/\/www.akrep.com\/blog\/wp-json\/wp\/v2\/types\/post"}],"author":[{"embeddable":true,"href":"https:\/\/www.akrep.com\/blog\/wp-json\/wp\/v2\/users\/1"}],"replies":[{"embeddable":true,"href":"https:\/\/www.akrep.com\/blog\/wp-json\/wp\/v2\/comments?post=1100"}],"version-history":[{"count":1,"href":"https:\/\/www.akrep.com\/blog\/wp-json\/wp\/v2\/posts\/1100\/revisions"}],"predecessor-version":[{"id":1103,"href":"https:\/\/www.akrep.com\/blog\/wp-json\/wp\/v2\/posts\/1100\/revisions\/1103"}],"wp:featuredmedia":[{"embeddable":true,"href":"https:\/\/www.akrep.com\/blog\/wp-json\/wp\/v2\/media\/1101"}],"wp:attachment":[{"href":"https:\/\/www.akrep.com\/blog\/wp-json\/wp\/v2\/media?parent=1100"}],"wp:term":[{"taxonomy":"category","embeddable":true,"href":"https:\/\/www.akrep.com\/blog\/wp-json\/wp\/v2\/categories?post=1100"},{"taxonomy":"post_tag","embeddable":true,"href":"https:\/\/www.akrep.com\/blog\/wp-json\/wp\/v2\/tags?post=1100"}],"curies":[{"name":"wp","href":"https:\/\/api.w.org\/{rel}","templated":true}]}}