{"id":450,"date":"2021-12-28T10:49:58","date_gmt":"2021-12-28T07:49:58","guid":{"rendered":"https:\/\/blog.akrep.com\/?p=450"},"modified":"2021-12-30T16:37:14","modified_gmt":"2021-12-30T13:37:14","slug":"9-aylik-bebek-beslenmesi-hakkinda-her-sey","status":"publish","type":"post","link":"https:\/\/www.akrep.com\/blog\/anne-bebek\/9-aylik-bebek-beslenmesi-hakkinda-her-sey","title":{"rendered":"9 Ayl\u0131k Bebek Beslenmesi Hakk\u0131nda Her \u015eey!"},"content":{"rendered":"<p>&#8220;Ha geldi ha gelecek!&#8221; derken, bebe\u011finiz art\u0131k 9 ayl\u0131k! Bebe\u011finize 6. aydan itibaren vermeye ba\u015flad\u0131\u011f\u0131n\u0131z ek g\u0131dalar, onun fiziksel, biyolojik ve bili\u015fsel geli\u015fimi a\u00e7\u0131s\u0131ndan son derece faydal\u0131. Bebekler 9 ayl\u0131k olduktan sonra hem anne s\u00fct\u00fc hem de ek g\u0131dalar\u0131n katk\u0131lar\u0131 sayesinde pek \u00e7ok a\u00e7\u0131dan geli\u015fiyor. G\u00f6rme, i\u015fitme ve dokunma yetileri yava\u015f yava\u015f ilerlemeye ba\u015flayan 9 ayl\u0131k bebe\u011finiz, bu d\u00f6nemden itibaren daha \u00e7ok yeme iste\u011fi duyarak geli\u015fi\u015fime son s\u00fcrat devam edecek. \u015eimdi gelin, <strong>9 ayl\u0131k bebek beslenmesi<\/strong> i\u00e7eri\u011finde neler var, <strong>9 ayl\u0131k bebek beslenmesi nas\u0131l olmal\u0131<\/strong>, hep beraber bakal\u0131m.<\/p>\n<h2>9 Ayl\u0131k Bebek Neler Yiyebilir?<\/h2>\n<p>Bebeklerin 9. ay\u0131n\u0131n anneler i\u00e7in \u00f6nemini biliyoruz. 6. ayda kulland\u0131\u011f\u0131m\u0131z tarifleri biraz daha geni\u015fleterek ve tabi ki hekim y\u00f6nlendirmesiyle minik yavrunuza verebilirsiniz. Burada m\u00fchim olan, yapt\u0131\u011f\u0131n\u0131z tariflerdeki g\u0131dalar\u0131 kullan\u0131rken bebe\u011finizin alerjen durumunu takip etmeniz olacak. Peki <strong>9 ayl\u0131k bebek neler yiyebilir<\/strong>? Bu sorunun cevab\u0131 her bebek i\u00e7in e\u015fsiz olsa da genel bir tablo \u00e7izmek yararl\u0131 olabilir.<\/p>\n<h2><strong>9 Ayl\u0131k Bebek Ne Yer?<\/strong><\/h2>\n<p>9-12 ay, bebekler i\u00e7in masadaki yemekleri yiyebilme zaman\u0131d\u0131r asl\u0131nda. Kendisine uygun olan g\u0131dalar\u0131 ideal porsiyonlarda bebe\u011finize verebilirsiniz. Buradaki ama\u00e7, yeti\u015fkin diyetindeki yemekleri bebe\u011fe yava\u015f yava\u015f al\u0131\u015ft\u0131rmak. B\u00f6ylece bebe\u011finiz ilerleyen ya\u015flarda farkl\u0131 pek \u00e7ok besinin tad\u0131n\u0131 bilerek b\u00fcy\u00fcyecek ve olas\u0131 i\u015ftahs\u0131zl\u0131k sorunlar\u0131 ya\u015famayacak. Ayr\u0131ca \u015funu da belirtmekte yarar var; bebe\u011finiz bu d\u00f6neme kadar ilerleyen di\u015f geli\u015fimi ile bir\u00e7ok g\u0131day\u0131 rahatl\u0131kla t\u00fcketebilir ve besinlerin i\u00e7indeki faydalar\u0131 da b\u00fcnyelerine katabilir. Bebe\u011finizin di\u015fleri yeteri kadar \u00e7\u0131kt\u0131ysa ve sert g\u0131dalar\u0131 t\u00fcketebilecekse havu\u00e7 veya salatal\u0131k gibi besinleri de \u00f6\u011f\u00fcnlerine ekleyebilirsiniz. E\u011fer bu a\u015famada bu g\u0131dalar\u0131n bebe\u011finizin bo\u011faz\u0131na tak\u0131lmas\u0131ndan endi\u015fe duyuyorsan\u0131z, bebek yiyecek filtreleri de kullanabilirsiniz.<\/p>\n<p>Yani, bebe\u011finizin pek \u00e7ok a\u00e7\u0131dan uygun oldu\u011fu 9. ay, ona p\u00fct\u00fcrl\u00fc g\u0131dalar\u0131 verebilmek i\u00e7in ideal bir zaman dilimi. Bu bilgiyi de verdikten sonra <strong>9 ayl\u0131k bebek ne yer<\/strong>, konusuna g\u00f6z atabiliriz.<\/p>\n<h3>9 Ayl\u0131k Bebek Kahvalt\u0131s\u0131<\/h3>\n<p>Kahvalt\u0131, her ya\u015f i\u00e7in son derece \u00f6nemli bir \u00f6\u011f\u00fcn. Hayat\u0131n\u0131n ilk d\u00f6nemlerindeki 9 ayl\u0131k bebekler i\u00e7inse bu \u00f6nem biraz daha fazla tabi ki. Bebe\u011finizi <a href=\"https:\/\/www.akrep.com\/anne-bebek-oyuncak\/mama-sandalyesi\">mama sandalyesi<\/a>ne oturttu\u011funuzda, onun i\u015ftah dolu heyecan\u0131n\u0131 g\u00f6rmek ger\u00e7ekten paha bi\u00e7ilmez.<\/p>\n<p>Ba\u015flamadan \u00f6nce, g\u00fcn\u00fcn ilk yeme\u011fi olacak olan kahvalt\u0131 men\u00fcs\u00fcn\u00fc haz\u0131rlarken minik yavrunuzun alerjik oldu\u011fu \u00fcr\u00fcnlere \u00f6zellikle dikkat etmeniz gerekti\u011fini bir kere daha hat\u0131rlatal\u0131m. Ard\u0131ndan <strong>9 ayl\u0131k bebek kahvalt\u0131s\u0131<\/strong> i\u00e7eri\u011fine neleri dahil edebilirsiniz noktas\u0131na ge\u00e7ebiliriz.<\/p>\n<ul>\n<li>1,5 \u00e7ay barda\u011f\u0131 anne s\u00fct\u00fc ya da devam s\u00fct\u00fc<\/li>\n<li>1 adet yumurta sar\u0131s\u0131 (\u0130ster her g\u00fcn yar\u0131m yumurta sar\u0131s\u0131 isterseniz g\u00fcn a\u015f\u0131r\u0131 1 yumurta sar\u0131s\u0131 da kullanman\u0131z m\u00fcmk\u00fcn.)<\/li>\n<li>1 kibrit kutusu beyaz peynir<\/li>\n<li>1 tatl\u0131 ka\u015f\u0131\u011f\u0131 pekmez<\/li>\n<li>1 \u00e7ay ka\u015f\u0131\u011f\u0131 past\u00f6rize tereya\u011f\u0131<\/li>\n<\/ul>\n<p><strong>9 ayl\u0131k bebek kahvalt\u0131 men\u00fcs\u00fc<\/strong> i\u00e7inde yer alan bu g\u0131dalar\u0131 bebe\u011finizin ilk \u00f6\u011f\u00fcn\u00fcne dahil ederek onu sevgiyle besleyebilirsiniz.<\/p>\n<p>Buna ek olarak bebe\u011finizin ilk \u00f6\u011f\u00fcnlerini bebekler i\u00e7in \u00f6zel olarak \u00fcretilen bisk\u00fcvilerle de haz\u0131rlayabilirsin. Bunun i\u00e7in bir miktar \u0131l\u0131k s\u00fcte (devam s\u00fct\u00fc) birka\u00e7 adet <a href=\"https:\/\/www.akrep.com\/anne-bebek-oyuncak\/bebek-mamasi\">bebe bisk\u00fcvisini<\/a> ekleyerek ezmen yeterli. Bebe\u011fin bu \u00f6\u011f\u00fcne bay\u0131lacak!<\/p>\n<h2>9 Ayl\u0131k Bebek \u00c7orbalar\u0131<\/h2>\n<p>Kahvalt\u0131ya ek olarak 9 ayl\u0131k bebeklerin en \u00e7ok t\u00fcketti\u011fi yemekler aras\u0131nda \u00e7orbalar\u0131n yeri tart\u0131\u015f\u0131lmaz. Mide dostu \u00e7orbalar, bebekler i\u00e7in de son derece faydal\u0131. Gerek i\u00e7eri\u011fi gerekse kolay t\u00fcketilebilir olmas\u0131 sebebiyle <strong>9 ayl\u0131k bebek \u00e7orbalar\u0131<\/strong> aras\u0131ndan bir tanesini se\u00e7ip sizin i\u00e7in burada payla\u015f\u0131yoruz.<\/p>\n<h3><strong>9 Ayl\u0131k Bebek \u00c7orbas\u0131 Tarifi<\/strong><\/h3>\n<p><strong>9 ayl\u0131k bebek \u00e7orbas\u0131 <\/strong>\u00e7e\u015fitleri aras\u0131nda belki de en s\u0131k uygulananlardan biri var s\u0131rada: Tavuklu \u015fehriye \u00e7orbas\u0131. 9-12 bebekler i\u00e7in ideal bir besin olan bu \u00e7orba besleyici oldu\u011fu kadar lezzetli de. Hatta yap\u0131m\u0131nda tavuk suyu da kullan\u0131rsan\u0131z, \u015fahane olur!<\/p>\n<h4>Malzemeler<\/h4>\n<ul>\n<li>1 havu\u00e7<\/li>\n<li>1 patates<\/li>\n<li>1 so\u011fan<\/li>\n<li>100 gr tavuk eti<\/li>\n<li>Yar\u0131m ye\u015fil biber<\/li>\n<li>Yar\u0131m k\u0131rm\u0131z\u0131 biber<\/li>\n<li>1 tutam maydanoz<\/li>\n<li>1 tatl\u0131 ka\u015f\u0131\u011f\u0131 zeytinya\u011f\u0131<\/li>\n<li>Yar\u0131m \u00e7ay barda\u011f\u0131 tel \u015fehriye<\/li>\n<\/ul>\n<h4>Haz\u0131rlan\u0131\u015f\u0131<\/h4>\n<p>\u00d6ncelikle havu\u00e7 ve patatesleri ha\u015flamakla i\u015fe ba\u015fl\u0131yoruz. Bebek tarifleri haz\u0131rlarken k\u0131zartman\u0131n ve kavurman\u0131n hi\u00e7bir t\u00fcr\u00fcn\u00fc uygulam\u0131yoruz. Dolay\u0131s\u0131yla ha\u015flanan sebzelerin i\u00e7ine so\u011fan\u0131, tavuk etini ve \u015fehriyeyi ekleyebilirsiniz. T\u00fcm bu malzemeler g\u00fczelce pi\u015fmeden birka\u00e7 dakika \u00f6nce, kar\u0131\u015f\u0131m\u0131n i\u00e7ine, iyice do\u011frad\u0131\u011f\u0131n\u0131z maydanozu dahil edin. \u00c7orban\u0131z pi\u015ftikten sonra oca\u011f\u0131n alt\u0131n\u0131 kapatabilirsiniz.<\/p>\n<h2>9 Ayl\u0131k Bebek Yemekleri<\/h2>\n<ol start=\"6\">\n<li>aydan itibaren bebe\u011finizin yiyebilece\u011fi besinler g\u00fcnbeg\u00fcn art\u0131yor. Kahvalt\u0131lara eklenen yumurtalar, pekmezler, \u00f6\u011fle yemeklerindeki \u00e7orbalar, p\u00fct\u00fcrl\u00fc lapalar ve daha pek \u00e7ok besin, art\u0131k minik yavrunuzun geli\u015fimi ona sunulabilecekler aras\u0131nda. Dolay\u0131s\u0131yla, <strong>9 ayl\u0131k bebek yemekleri<\/strong> konusunu biraz daha geni\u015fleterek birka\u00e7 tarif payla\u015fma zaman\u0131 geldi. \u0130lk s\u0131ray\u0131 \u00e7ok besleyici ve doyurucu bir tarif olan etli kuru fasulyeye ay\u0131rd\u0131k. Bakal\u0131m, nas\u0131l haz\u0131rlan\u0131yor.<\/li>\n<\/ol>\n<h3><strong>9 Ayl\u0131k Bebek Yeme\u011fi: Etli Kuru Fasulye<\/strong><\/h3>\n<p><strong>9 ayl\u0131k bebek yeme\u011fi<\/strong> i\u00e7in se\u00e7ti\u011fimiz etli kuru fasulye i\u00e7in gereken malzemelere g\u00f6z atal\u0131m:<\/p>\n<h4>Malzemeler<\/h4>\n<ul>\n<li>2 \u00e7ay barda\u011f\u0131 kuru fasulye (bir gece \u00f6nceden \u0131slat\u0131lm\u0131\u015f)<\/li>\n<li>Yar\u0131m \u00e7ay barda\u011f\u0131 pirin\u00e7<\/li>\n<li>50 gr ku\u015fba\u015f\u0131 et<\/li>\n<li>1 ye\u015fil biber<\/li>\n<li>1 k\u0131rm\u0131z\u0131 biber<\/li>\n<li>1 k\u00fc\u00e7\u00fck so\u011fan<\/li>\n<li>1 tatl\u0131 ka\u015f\u0131\u011f\u0131 zeytinya\u011f\u0131<\/li>\n<\/ul>\n<h4>Haz\u0131rlan\u0131\u015f\u0131<\/h4>\n<p>Daha \u00f6nceki tarifimizde yapt\u0131\u011f\u0131m\u0131z gibi burada da so\u011fan\u0131 ve eti kavurmuyoruz. Eti ha\u015flamaya ba\u015flad\u0131ktan sonra so\u011fan\u0131 ve biberleri et sulu kar\u0131\u015f\u0131ma ekliyoruz. Bunlar yumu\u015famaya ba\u015flad\u0131ktan sonra pirinci bu kar\u0131\u015f\u0131ma dahil edebilirsiniz. Daha sonra ba\u015fka bir yerde ha\u015flad\u0131\u011f\u0131n\u0131z ve kabuklar\u0131ndan ay\u0131rd\u0131\u011f\u0131n\u0131z kuru fasulyeyi de tencereye ekleyin ve t\u00fcm bu malzemelerin birka\u00e7 dakika pi\u015fmesi i\u00e7in bekleyin. Oca\u011f\u0131n alt\u0131n\u0131 kapatmaya yak\u0131n, zeytinya\u011f\u0131n\u0131 da ekleyerek yeme\u011fi haz\u0131r hale getirebilirsiniz. Minik bebe\u011finize afiyet olsun!<\/p>\n<p><strong>9 Ayl\u0131k Bebek Yeme\u011fi: Kuzu Ci\u011feri P\u00fcresi<\/strong><\/p>\n<p>S\u0131rada haftada bir kez bebe\u011fine verebilece\u011fin bir tarif var: Kuzu ci\u011feri p\u00fcresi. Demir a\u00e7\u0131s\u0131ndan son derece zengin olan kuzu ci\u011feri, 9 ayl\u0131k bebe\u011finin geli\u015fimine katk\u0131da bulunan \u00f6nemli bir besin. Yeme\u011fin malzemeleri ve yap\u0131l\u0131\u015f\u0131 ise a\u015fa\u011f\u0131da:<\/p>\n<h4>Malzemeler<\/h4>\n<ul>\n<li>1 k\u00fc\u00e7\u00fck havu\u00e7<\/li>\n<li>1 k\u00fc\u00e7\u00fck patates<\/li>\n<li>100 gr kuzu ci\u011feri (sinirleri al\u0131nm\u0131\u015f)<\/li>\n<li>1 di\u015f sar\u0131msak<\/li>\n<li>1 tatl\u0131 ka\u015f\u0131\u011f\u0131 zeytinya\u011f\u0131<\/li>\n<\/ul>\n<h4>Haz\u0131rlan\u0131\u015f\u0131<\/h4>\n<p>Tarifteki sebzeleri ve eti ha\u015flamakla i\u015fe ba\u015flayal\u0131m. T\u00fcm malzemeler yumu\u015famaya ba\u015flay\u0131nca sar\u0131msa\u011f\u0131 dahil edebilirsiniz. 20-25 dakika kadar kaynatt\u0131ktan sonra tencereyi ocaktan al\u0131p, kar\u0131\u015f\u0131ma zeytinya\u011f\u0131 ilave edebilirsiniz. En son a\u015famada ister p\u00fct\u00fcrleri \u00e7atalla ez ister kar\u0131\u015f\u0131m\u0131 blender\u2019dan ge\u00e7ir\u2026 9 ayl\u0131k bebe\u011finin a\u011fz\u0131na lay\u0131k kuzu ci\u011fer p\u00fcresi haz\u0131r!<\/p>\n<h3><strong>9 Ayl\u0131k Bebek Muhallebisi<\/strong><\/h3>\n<p>Kahvalt\u0131, ara \u00f6\u011f\u00fcn, ana yemek derken s\u0131rada tatl\u0131 var. Bu ya\u015ftaki bebeklerin \u00e7ok severek t\u00fcketece\u011fi muhallebi tarifi i\u00e7in sab\u0131rs\u0131zlan\u0131yor musunuz? O zaman <strong>9 ayl\u0131k bebek muhallebisi<\/strong> i\u00e7in gelsin malzemeler:<\/p>\n<h4>Malzemeler<\/h4>\n<ul>\n<li>1,5 yemek ka\u015f\u0131\u011f\u0131 irmik<\/li>\n<li>1 yemek ka\u015f\u0131\u011f\u0131 pirin\u00e7 unu<\/li>\n<li>Yar\u0131m k\u00fcp do\u011franm\u0131\u015f ve ha\u015flanm\u0131\u015f ayva (Ezilecek kadar yumu\u015famas\u0131 yeterli.)<\/li>\n<li>1 adet muz<\/li>\n<li>2 su barda\u011f\u0131 su (s\u00fct de olabilir)<\/li>\n<li>1 \u00e7ay ka\u015f\u0131\u011f\u0131 \u00e7ekilmi\u015f ceviz<\/li>\n<li>1 tatl\u0131 ka\u015f\u0131\u011f\u0131 pekmez<\/li>\n<\/ul>\n<h4>Haz\u0131rlan\u0131\u015f\u0131<\/h4>\n<p>Tarifteki miktarlarda verilen irmik, pirin\u00e7 unu ve s\u00fct\u00fc bir tencereye al\u0131n. \u0130\u00e7ine k\u00fcp k\u00fcp do\u011frad\u0131\u011f\u0131n\u0131z ayvay\u0131 ekleyin. Tencereyi oca\u011fa koyun ve malzemelerin kaynamas\u0131n\u0131 bekleyin. S\u00fcrekli kar\u0131\u015ft\u0131rman\u0131z, tarifin topaklanmamas\u0131 i\u00e7in \u00f6nemli. Bir iki dakika daha kaynatt\u0131ktan sonra tencereyi ocaktan alabilirsiniz. Biraz \u0131l\u0131d\u0131ktan sonra muhallebiyi blender\u2019dan ge\u00e7irerek p\u00fcr\u00fczs\u00fcz bir hale getirin. Son a\u015famada kaselere aktar\u0131p \u00fczerini muz dilimleri ve \u00e7ekilmi\u015f cevizle s\u00fcsleyerek servis edebilirsiniz.<\/p>\n","protected":false},"excerpt":{"rendered":"<p>&#8220;Ha geldi ha gelecek!&#8221; derken, bebe\u011finiz art\u0131k 9 ayl\u0131k! Bebe\u011finize 6. aydan itibaren vermeye ba\u015flad\u0131\u011f\u0131n\u0131z ek g\u0131dalar, onun fiziksel, biyolojik ve bili\u015fsel geli\u015fimi a\u00e7\u0131s\u0131ndan son derece faydal\u0131. Bebekler 9 ayl\u0131k olduktan sonra hem anne s\u00fct\u00fc hem de ek g\u0131dalar\u0131n katk\u0131lar\u0131 sayesinde pek \u00e7ok a\u00e7\u0131dan geli\u015fiyor. G\u00f6rme, i\u015fitme ve dokunma yetileri yava\u015f yava\u015f ilerlemeye ba\u015flayan 9 [&hellip;]<\/p>\n","protected":false},"author":7,"featured_media":453,"comment_status":"open","ping_status":"open","sticky":false,"template":"","format":"standard","meta":{"inline_featured_image":false,"footnotes":""},"categories":[6],"tags":[31],"class_list":["post-450","post","type-post","status-publish","format-standard","has-post-thumbnail","hentry","category-anne-bebek","tag-bebek-beslenmesi"],"yoast_head":"<!-- This site is optimized with the Yoast SEO plugin v27.5 - https:\/\/yoast.com\/product\/yoast-seo-wordpress\/ -->\n<title>9 Ayl\u0131k Bebek Beslenmesi Hakk\u0131nda Her \u015eey! - Akrep Blog<\/title>\n<meta name=\"description\" content=\"9 ayl\u0131k bebek beslenmesi hakk\u0131nda merak edilenler Akrep Blog&#039;da! 9 ayl\u0131k bebek ne yiyebilir konusunun t\u00fcm detaylar\u0131 i\u00e7in yaz\u0131m\u0131za t\u0131klay\u0131n!\" \/>\n<meta name=\"robots\" content=\"index, follow, max-snippet:-1, max-image-preview:large, max-video-preview:-1\" \/>\n<link rel=\"canonical\" href=\"https:\/\/www.akrep.com\/blog\/anne-bebek\/9-aylik-bebek-beslenmesi-hakkinda-her-sey\" \/>\n<meta property=\"og:locale\" content=\"tr_TR\" \/>\n<meta property=\"og:type\" content=\"article\" \/>\n<meta property=\"og:title\" content=\"9 Ayl\u0131k Bebek Beslenmesi Hakk\u0131nda Her \u015eey! - Akrep Blog\" \/>\n<meta property=\"og:description\" content=\"9 ayl\u0131k bebek beslenmesi hakk\u0131nda merak edilenler Akrep Blog&#039;da! 9 ayl\u0131k bebek ne yiyebilir konusunun t\u00fcm detaylar\u0131 i\u00e7in yaz\u0131m\u0131za t\u0131klay\u0131n!\" \/>\n<meta property=\"og:url\" content=\"https:\/\/www.akrep.com\/blog\/anne-bebek\/9-aylik-bebek-beslenmesi-hakkinda-her-sey\" \/>\n<meta property=\"og:site_name\" content=\"Akrep Blog\" \/>\n<meta property=\"article:published_time\" content=\"2021-12-28T07:49:58+00:00\" \/>\n<meta property=\"article:modified_time\" content=\"2021-12-30T13:37:14+00:00\" \/>\n<meta property=\"og:image\" content=\"https:\/\/www.akrep.com\/blog\/icerik\/uploads\/2021\/12\/9-aylik-bebek-beslenmesi-hakkinda.jpg\" \/>\n\t<meta property=\"og:image:width\" content=\"1500\" \/>\n\t<meta property=\"og:image:height\" content=\"1001\" \/>\n\t<meta property=\"og:image:type\" content=\"image\/jpeg\" \/>\n<meta name=\"author\" content=\"Diler Yaz\u0131c\u0131\" \/>\n<meta name=\"twitter:card\" content=\"summary_large_image\" \/>\n<script type=\"application\/ld+json\" class=\"yoast-schema-graph\">{\"@context\":\"https:\\\/\\\/schema.org\",\"@graph\":[{\"@type\":\"Article\",\"@id\":\"https:\\\/\\\/www.akrep.com\\\/blog\\\/anne-bebek\\\/9-aylik-bebek-beslenmesi-hakkinda-her-sey#article\",\"isPartOf\":{\"@id\":\"https:\\\/\\\/www.akrep.com\\\/blog\\\/anne-bebek\\\/9-aylik-bebek-beslenmesi-hakkinda-her-sey\"},\"author\":{\"name\":\"Diler Yaz\u0131c\u0131\",\"@id\":\"https:\\\/\\\/www.akrep.com\\\/blog\\\/#\\\/schema\\\/person\\\/b0493c477b7c8ab6cd5b9a3afe9fcd8e\"},\"headline\":\"9 Ayl\u0131k Bebek Beslenmesi Hakk\u0131nda Her \u015eey!\",\"datePublished\":\"2021-12-28T07:49:58+00:00\",\"dateModified\":\"2021-12-30T13:37:14+00:00\",\"mainEntityOfPage\":{\"@id\":\"https:\\\/\\\/www.akrep.com\\\/blog\\\/anne-bebek\\\/9-aylik-bebek-beslenmesi-hakkinda-her-sey\"},\"wordCount\":1401,\"commentCount\":0,\"publisher\":{\"@id\":\"https:\\\/\\\/www.akrep.com\\\/blog\\\/#organization\"},\"image\":{\"@id\":\"https:\\\/\\\/www.akrep.com\\\/blog\\\/anne-bebek\\\/9-aylik-bebek-beslenmesi-hakkinda-her-sey#primaryimage\"},\"thumbnailUrl\":\"https:\\\/\\\/www.akrep.com\\\/blog\\\/icerik\\\/uploads\\\/2021\\\/12\\\/9-aylik-bebek-beslenmesi-hakkinda.jpg\",\"keywords\":[\"Bebek Beslenmesi\"],\"articleSection\":[\"Anne &amp; Bebek\"],\"inLanguage\":\"tr\",\"potentialAction\":[{\"@type\":\"CommentAction\",\"name\":\"Comment\",\"target\":[\"https:\\\/\\\/www.akrep.com\\\/blog\\\/anne-bebek\\\/9-aylik-bebek-beslenmesi-hakkinda-her-sey#respond\"]}]},{\"@type\":\"WebPage\",\"@id\":\"https:\\\/\\\/www.akrep.com\\\/blog\\\/anne-bebek\\\/9-aylik-bebek-beslenmesi-hakkinda-her-sey\",\"url\":\"https:\\\/\\\/www.akrep.com\\\/blog\\\/anne-bebek\\\/9-aylik-bebek-beslenmesi-hakkinda-her-sey\",\"name\":\"9 Ayl\u0131k Bebek Beslenmesi Hakk\u0131nda Her \u015eey! - Akrep Blog\",\"isPartOf\":{\"@id\":\"https:\\\/\\\/www.akrep.com\\\/blog\\\/#website\"},\"primaryImageOfPage\":{\"@id\":\"https:\\\/\\\/www.akrep.com\\\/blog\\\/anne-bebek\\\/9-aylik-bebek-beslenmesi-hakkinda-her-sey#primaryimage\"},\"image\":{\"@id\":\"https:\\\/\\\/www.akrep.com\\\/blog\\\/anne-bebek\\\/9-aylik-bebek-beslenmesi-hakkinda-her-sey#primaryimage\"},\"thumbnailUrl\":\"https:\\\/\\\/www.akrep.com\\\/blog\\\/icerik\\\/uploads\\\/2021\\\/12\\\/9-aylik-bebek-beslenmesi-hakkinda.jpg\",\"datePublished\":\"2021-12-28T07:49:58+00:00\",\"dateModified\":\"2021-12-30T13:37:14+00:00\",\"description\":\"9 ayl\u0131k bebek beslenmesi hakk\u0131nda merak edilenler Akrep Blog'da! 9 ayl\u0131k bebek ne yiyebilir konusunun t\u00fcm detaylar\u0131 i\u00e7in yaz\u0131m\u0131za t\u0131klay\u0131n!\",\"breadcrumb\":{\"@id\":\"https:\\\/\\\/www.akrep.com\\\/blog\\\/anne-bebek\\\/9-aylik-bebek-beslenmesi-hakkinda-her-sey#breadcrumb\"},\"inLanguage\":\"tr\",\"potentialAction\":[{\"@type\":\"ReadAction\",\"target\":[\"https:\\\/\\\/www.akrep.com\\\/blog\\\/anne-bebek\\\/9-aylik-bebek-beslenmesi-hakkinda-her-sey\"]}]},{\"@type\":\"ImageObject\",\"inLanguage\":\"tr\",\"@id\":\"https:\\\/\\\/www.akrep.com\\\/blog\\\/anne-bebek\\\/9-aylik-bebek-beslenmesi-hakkinda-her-sey#primaryimage\",\"url\":\"https:\\\/\\\/www.akrep.com\\\/blog\\\/icerik\\\/uploads\\\/2021\\\/12\\\/9-aylik-bebek-beslenmesi-hakkinda.jpg\",\"contentUrl\":\"https:\\\/\\\/www.akrep.com\\\/blog\\\/icerik\\\/uploads\\\/2021\\\/12\\\/9-aylik-bebek-beslenmesi-hakkinda.jpg\",\"width\":1500,\"height\":1001,\"caption\":\"9 Ayl\u0131k Bebek Beslenmesi Hakk\u0131nda Her \u015eey!\"},{\"@type\":\"BreadcrumbList\",\"@id\":\"https:\\\/\\\/www.akrep.com\\\/blog\\\/anne-bebek\\\/9-aylik-bebek-beslenmesi-hakkinda-her-sey#breadcrumb\",\"itemListElement\":[{\"@type\":\"ListItem\",\"position\":1,\"name\":\"Blog\",\"item\":\"https:\\\/\\\/www.akrep.com\\\/blog\"},{\"@type\":\"ListItem\",\"position\":2,\"name\":\"9 Ayl\u0131k Bebek Beslenmesi Hakk\u0131nda Her \u015eey!\"}]},{\"@type\":\"WebSite\",\"@id\":\"https:\\\/\\\/www.akrep.com\\\/blog\\\/#website\",\"url\":\"https:\\\/\\\/www.akrep.com\\\/blog\\\/\",\"name\":\"Akrep Blog\",\"description\":\"\",\"publisher\":{\"@id\":\"https:\\\/\\\/www.akrep.com\\\/blog\\\/#organization\"},\"potentialAction\":[{\"@type\":\"SearchAction\",\"target\":{\"@type\":\"EntryPoint\",\"urlTemplate\":\"https:\\\/\\\/www.akrep.com\\\/blog\\\/?s={search_term_string}\"},\"query-input\":{\"@type\":\"PropertyValueSpecification\",\"valueRequired\":true,\"valueName\":\"search_term_string\"}}],\"inLanguage\":\"tr\"},{\"@type\":\"Organization\",\"@id\":\"https:\\\/\\\/www.akrep.com\\\/blog\\\/#organization\",\"name\":\"Akrep\",\"url\":\"https:\\\/\\\/www.akrep.com\\\/blog\\\/\",\"logo\":{\"@type\":\"ImageObject\",\"inLanguage\":\"tr\",\"@id\":\"https:\\\/\\\/www.akrep.com\\\/blog\\\/#\\\/schema\\\/logo\\\/image\\\/\",\"url\":\"https:\\\/\\\/www.akrep.com\\\/blog\\\/icerik\\\/uploads\\\/2021\\\/01\\\/512x512.png\",\"contentUrl\":\"https:\\\/\\\/www.akrep.com\\\/blog\\\/icerik\\\/uploads\\\/2021\\\/01\\\/512x512.png\",\"width\":513,\"height\":513,\"caption\":\"Akrep\"},\"image\":{\"@id\":\"https:\\\/\\\/www.akrep.com\\\/blog\\\/#\\\/schema\\\/logo\\\/image\\\/\"}},{\"@type\":\"Person\",\"@id\":\"https:\\\/\\\/www.akrep.com\\\/blog\\\/#\\\/schema\\\/person\\\/b0493c477b7c8ab6cd5b9a3afe9fcd8e\",\"name\":\"Diler Yaz\u0131c\u0131\",\"image\":{\"@type\":\"ImageObject\",\"inLanguage\":\"tr\",\"@id\":\"https:\\\/\\\/secure.gravatar.com\\\/avatar\\\/46c458e2ef4bf77a2f7986ee91ada2d6b0a44c19bfe7b3c919388a45dc233449?s=96&d=mm&r=g\",\"url\":\"https:\\\/\\\/secure.gravatar.com\\\/avatar\\\/46c458e2ef4bf77a2f7986ee91ada2d6b0a44c19bfe7b3c919388a45dc233449?s=96&d=mm&r=g\",\"contentUrl\":\"https:\\\/\\\/secure.gravatar.com\\\/avatar\\\/46c458e2ef4bf77a2f7986ee91ada2d6b0a44c19bfe7b3c919388a45dc233449?s=96&d=mm&r=g\",\"caption\":\"Diler Yaz\u0131c\u0131\"}}]}<\/script>\n<!-- \/ Yoast SEO plugin. -->","yoast_head_json":{"title":"9 Ayl\u0131k Bebek Beslenmesi Hakk\u0131nda Her \u015eey! - Akrep Blog","description":"9 ayl\u0131k bebek beslenmesi hakk\u0131nda merak edilenler Akrep Blog'da! 9 ayl\u0131k bebek ne yiyebilir konusunun t\u00fcm detaylar\u0131 i\u00e7in yaz\u0131m\u0131za t\u0131klay\u0131n!","robots":{"index":"index","follow":"follow","max-snippet":"max-snippet:-1","max-image-preview":"max-image-preview:large","max-video-preview":"max-video-preview:-1"},"canonical":"https:\/\/www.akrep.com\/blog\/anne-bebek\/9-aylik-bebek-beslenmesi-hakkinda-her-sey","og_locale":"tr_TR","og_type":"article","og_title":"9 Ayl\u0131k Bebek Beslenmesi Hakk\u0131nda Her \u015eey! - Akrep Blog","og_description":"9 ayl\u0131k bebek beslenmesi hakk\u0131nda merak edilenler Akrep Blog'da! 9 ayl\u0131k bebek ne yiyebilir konusunun t\u00fcm detaylar\u0131 i\u00e7in yaz\u0131m\u0131za t\u0131klay\u0131n!","og_url":"https:\/\/www.akrep.com\/blog\/anne-bebek\/9-aylik-bebek-beslenmesi-hakkinda-her-sey","og_site_name":"Akrep Blog","article_published_time":"2021-12-28T07:49:58+00:00","article_modified_time":"2021-12-30T13:37:14+00:00","og_image":[{"width":1500,"height":1001,"url":"https:\/\/www.akrep.com\/blog\/icerik\/uploads\/2021\/12\/9-aylik-bebek-beslenmesi-hakkinda.jpg","type":"image\/jpeg"}],"author":"Diler Yaz\u0131c\u0131","twitter_card":"summary_large_image","schema":{"@context":"https:\/\/schema.org","@graph":[{"@type":"Article","@id":"https:\/\/www.akrep.com\/blog\/anne-bebek\/9-aylik-bebek-beslenmesi-hakkinda-her-sey#article","isPartOf":{"@id":"https:\/\/www.akrep.com\/blog\/anne-bebek\/9-aylik-bebek-beslenmesi-hakkinda-her-sey"},"author":{"name":"Diler Yaz\u0131c\u0131","@id":"https:\/\/www.akrep.com\/blog\/#\/schema\/person\/b0493c477b7c8ab6cd5b9a3afe9fcd8e"},"headline":"9 Ayl\u0131k Bebek Beslenmesi Hakk\u0131nda Her \u015eey!","datePublished":"2021-12-28T07:49:58+00:00","dateModified":"2021-12-30T13:37:14+00:00","mainEntityOfPage":{"@id":"https:\/\/www.akrep.com\/blog\/anne-bebek\/9-aylik-bebek-beslenmesi-hakkinda-her-sey"},"wordCount":1401,"commentCount":0,"publisher":{"@id":"https:\/\/www.akrep.com\/blog\/#organization"},"image":{"@id":"https:\/\/www.akrep.com\/blog\/anne-bebek\/9-aylik-bebek-beslenmesi-hakkinda-her-sey#primaryimage"},"thumbnailUrl":"https:\/\/www.akrep.com\/blog\/icerik\/uploads\/2021\/12\/9-aylik-bebek-beslenmesi-hakkinda.jpg","keywords":["Bebek Beslenmesi"],"articleSection":["Anne &amp; Bebek"],"inLanguage":"tr","potentialAction":[{"@type":"CommentAction","name":"Comment","target":["https:\/\/www.akrep.com\/blog\/anne-bebek\/9-aylik-bebek-beslenmesi-hakkinda-her-sey#respond"]}]},{"@type":"WebPage","@id":"https:\/\/www.akrep.com\/blog\/anne-bebek\/9-aylik-bebek-beslenmesi-hakkinda-her-sey","url":"https:\/\/www.akrep.com\/blog\/anne-bebek\/9-aylik-bebek-beslenmesi-hakkinda-her-sey","name":"9 Ayl\u0131k Bebek Beslenmesi Hakk\u0131nda Her \u015eey! - Akrep Blog","isPartOf":{"@id":"https:\/\/www.akrep.com\/blog\/#website"},"primaryImageOfPage":{"@id":"https:\/\/www.akrep.com\/blog\/anne-bebek\/9-aylik-bebek-beslenmesi-hakkinda-her-sey#primaryimage"},"image":{"@id":"https:\/\/www.akrep.com\/blog\/anne-bebek\/9-aylik-bebek-beslenmesi-hakkinda-her-sey#primaryimage"},"thumbnailUrl":"https:\/\/www.akrep.com\/blog\/icerik\/uploads\/2021\/12\/9-aylik-bebek-beslenmesi-hakkinda.jpg","datePublished":"2021-12-28T07:49:58+00:00","dateModified":"2021-12-30T13:37:14+00:00","description":"9 ayl\u0131k bebek beslenmesi hakk\u0131nda merak edilenler Akrep Blog'da! 9 ayl\u0131k bebek ne yiyebilir konusunun t\u00fcm detaylar\u0131 i\u00e7in yaz\u0131m\u0131za t\u0131klay\u0131n!","breadcrumb":{"@id":"https:\/\/www.akrep.com\/blog\/anne-bebek\/9-aylik-bebek-beslenmesi-hakkinda-her-sey#breadcrumb"},"inLanguage":"tr","potentialAction":[{"@type":"ReadAction","target":["https:\/\/www.akrep.com\/blog\/anne-bebek\/9-aylik-bebek-beslenmesi-hakkinda-her-sey"]}]},{"@type":"ImageObject","inLanguage":"tr","@id":"https:\/\/www.akrep.com\/blog\/anne-bebek\/9-aylik-bebek-beslenmesi-hakkinda-her-sey#primaryimage","url":"https:\/\/www.akrep.com\/blog\/icerik\/uploads\/2021\/12\/9-aylik-bebek-beslenmesi-hakkinda.jpg","contentUrl":"https:\/\/www.akrep.com\/blog\/icerik\/uploads\/2021\/12\/9-aylik-bebek-beslenmesi-hakkinda.jpg","width":1500,"height":1001,"caption":"9 Ayl\u0131k Bebek Beslenmesi Hakk\u0131nda Her \u015eey!"},{"@type":"BreadcrumbList","@id":"https:\/\/www.akrep.com\/blog\/anne-bebek\/9-aylik-bebek-beslenmesi-hakkinda-her-sey#breadcrumb","itemListElement":[{"@type":"ListItem","position":1,"name":"Blog","item":"https:\/\/www.akrep.com\/blog"},{"@type":"ListItem","position":2,"name":"9 Ayl\u0131k Bebek Beslenmesi Hakk\u0131nda Her \u015eey!"}]},{"@type":"WebSite","@id":"https:\/\/www.akrep.com\/blog\/#website","url":"https:\/\/www.akrep.com\/blog\/","name":"Akrep Blog","description":"","publisher":{"@id":"https:\/\/www.akrep.com\/blog\/#organization"},"potentialAction":[{"@type":"SearchAction","target":{"@type":"EntryPoint","urlTemplate":"https:\/\/www.akrep.com\/blog\/?s={search_term_string}"},"query-input":{"@type":"PropertyValueSpecification","valueRequired":true,"valueName":"search_term_string"}}],"inLanguage":"tr"},{"@type":"Organization","@id":"https:\/\/www.akrep.com\/blog\/#organization","name":"Akrep","url":"https:\/\/www.akrep.com\/blog\/","logo":{"@type":"ImageObject","inLanguage":"tr","@id":"https:\/\/www.akrep.com\/blog\/#\/schema\/logo\/image\/","url":"https:\/\/www.akrep.com\/blog\/icerik\/uploads\/2021\/01\/512x512.png","contentUrl":"https:\/\/www.akrep.com\/blog\/icerik\/uploads\/2021\/01\/512x512.png","width":513,"height":513,"caption":"Akrep"},"image":{"@id":"https:\/\/www.akrep.com\/blog\/#\/schema\/logo\/image\/"}},{"@type":"Person","@id":"https:\/\/www.akrep.com\/blog\/#\/schema\/person\/b0493c477b7c8ab6cd5b9a3afe9fcd8e","name":"Diler Yaz\u0131c\u0131","image":{"@type":"ImageObject","inLanguage":"tr","@id":"https:\/\/secure.gravatar.com\/avatar\/46c458e2ef4bf77a2f7986ee91ada2d6b0a44c19bfe7b3c919388a45dc233449?s=96&d=mm&r=g","url":"https:\/\/secure.gravatar.com\/avatar\/46c458e2ef4bf77a2f7986ee91ada2d6b0a44c19bfe7b3c919388a45dc233449?s=96&d=mm&r=g","contentUrl":"https:\/\/secure.gravatar.com\/avatar\/46c458e2ef4bf77a2f7986ee91ada2d6b0a44c19bfe7b3c919388a45dc233449?s=96&d=mm&r=g","caption":"Diler Yaz\u0131c\u0131"}}]}},"_links":{"self":[{"href":"https:\/\/www.akrep.com\/blog\/wp-json\/wp\/v2\/posts\/450","targetHints":{"allow":["GET"]}}],"collection":[{"href":"https:\/\/www.akrep.com\/blog\/wp-json\/wp\/v2\/posts"}],"about":[{"href":"https:\/\/www.akrep.com\/blog\/wp-json\/wp\/v2\/types\/post"}],"author":[{"embeddable":true,"href":"https:\/\/www.akrep.com\/blog\/wp-json\/wp\/v2\/users\/7"}],"replies":[{"embeddable":true,"href":"https:\/\/www.akrep.com\/blog\/wp-json\/wp\/v2\/comments?post=450"}],"version-history":[{"count":3,"href":"https:\/\/www.akrep.com\/blog\/wp-json\/wp\/v2\/posts\/450\/revisions"}],"predecessor-version":[{"id":454,"href":"https:\/\/www.akrep.com\/blog\/wp-json\/wp\/v2\/posts\/450\/revisions\/454"}],"wp:featuredmedia":[{"embeddable":true,"href":"https:\/\/www.akrep.com\/blog\/wp-json\/wp\/v2\/media\/453"}],"wp:attachment":[{"href":"https:\/\/www.akrep.com\/blog\/wp-json\/wp\/v2\/media?parent=450"}],"wp:term":[{"taxonomy":"category","embeddable":true,"href":"https:\/\/www.akrep.com\/blog\/wp-json\/wp\/v2\/categories?post=450"},{"taxonomy":"post_tag","embeddable":true,"href":"https:\/\/www.akrep.com\/blog\/wp-json\/wp\/v2\/tags?post=450"}],"curies":[{"name":"wp","href":"https:\/\/api.w.org\/{rel}","templated":true}]}}